{"id":6705,"date":"2018-11-29T09:35:51","date_gmt":"2018-11-29T14:35:51","guid":{"rendered":"http:\/\/blog.carlrobitaille.org\/?p=6705"},"modified":"2018-11-29T09:35:51","modified_gmt":"2018-11-29T14:35:51","slug":"etranglee-par-lemotion-la-deputee-progressiste-conservatrice-amanda-simard-presse-ses-collegues-dappuyer-la-motion-du-npd-et-dannuler-les-compressions-aux-services-en-francais","status":"publish","type":"post","link":"https:\/\/blog.carlrobitaille.org\/?p=6705","title":{"rendered":"\u00c9trangl\u00e9e par l&#8217;\u00e9motion, la d\u00e9put\u00e9e progressiste-conservatrice Amanda Simard presse ses coll\u00e8gues d&#8217;appuyer la motion du NPD et d&#8217;annuler les compressions aux services en fran\u00e7ais."},"content":{"rendered":"<blockquote class=\"twitter-tweet\" data-width=\"550\" data-dnt=\"true\">\n<p lang=\"fr\" dir=\"ltr\">\u00c9trangl\u00e9e par l&#39;\u00e9motion, la d\u00e9put\u00e9e progressiste-conservatrice Amanda Simard presse ses coll\u00e8gues d&#39;appuyer la motion du NPD et d&#39;annuler les compressions aux services en fran\u00e7ais. <a href=\"https:\/\/t.co\/wtKDA0R5ID\">pic.twitter.com\/wtKDA0R5ID<\/a><\/p>\n<p>&mdash; ICI Ontario (@iciontario) <a href=\"https:\/\/twitter.com\/iciontario\/status\/1067877796402421760?ref_src=twsrc%5Etfw\">November 28, 2018<\/a><\/p><\/blockquote>\n<p><script async src=\"https:\/\/platform.twitter.com\/widgets.js\" charset=\"utf-8\"><\/script><\/p>\n","protected":false},"excerpt":{"rendered":"<p>\u00c9trangl\u00e9e par l&#39;\u00e9motion, la d\u00e9put\u00e9e progressiste-conservatrice Amanda Simard presse ses coll\u00e8gues d&#39;appuyer la motion du NPD et d&#39;annuler les compressions aux services en fran\u00e7ais. pic.twitter.com\/wtKDA0R5ID &mdash; ICI Ontario (@iciontario) November 28, 2018<\/p>\n","protected":false},"author":2,"featured_media":0,"comment_status":"open","ping_status":"open","sticky":false,"template":"","format":"standard","meta":{"footnotes":""},"categories":[12],"tags":[],"class_list":["post-6705","post","type-post","status-publish","format-standard","hentry","category-politique-canadienne"],"_links":{"self":[{"href":"https:\/\/blog.carlrobitaille.org\/index.php?rest_route=\/wp\/v2\/posts\/6705","targetHints":{"allow":["GET"]}}],"collection":[{"href":"https:\/\/blog.carlrobitaille.org\/index.php?rest_route=\/wp\/v2\/posts"}],"about":[{"href":"https:\/\/blog.carlrobitaille.org\/index.php?rest_route=\/wp\/v2\/types\/post"}],"author":[{"embeddable":true,"href":"https:\/\/blog.carlrobitaille.org\/index.php?rest_route=\/wp\/v2\/users\/2"}],"replies":[{"embeddable":true,"href":"https:\/\/blog.carlrobitaille.org\/index.php?rest_route=%2Fwp%2Fv2%2Fcomments&post=6705"}],"version-history":[{"count":1,"href":"https:\/\/blog.carlrobitaille.org\/index.php?rest_route=\/wp\/v2\/posts\/6705\/revisions"}],"predecessor-version":[{"id":6706,"href":"https:\/\/blog.carlrobitaille.org\/index.php?rest_route=\/wp\/v2\/posts\/6705\/revisions\/6706"}],"wp:attachment":[{"href":"https:\/\/blog.carlrobitaille.org\/index.php?rest_route=%2Fwp%2Fv2%2Fmedia&parent=6705"}],"wp:term":[{"taxonomy":"category","embeddable":true,"href":"https:\/\/blog.carlrobitaille.org\/index.php?rest_route=%2Fwp%2Fv2%2Fcategories&post=6705"},{"taxonomy":"post_tag","embeddable":true,"href":"https:\/\/blog.carlrobitaille.org\/index.php?rest_route=%2Fwp%2Fv2%2Ftags&post=6705"}],"curies":[{"name":"wp","href":"https:\/\/api.w.org\/{rel}","templated":true}]}}