{"id":5441,"date":"2016-03-11T01:44:16","date_gmt":"2016-03-11T06:44:16","guid":{"rendered":"http:\/\/blog.carlrobitaille.org\/2016\/03\/11\/le-cote-sombre-du-livre-quebecois-ici-radio-canada-ca\/"},"modified":"2018-11-26T21:41:47","modified_gmt":"2018-11-27T02:41:47","slug":"le-cote-sombre-du-livre-quebecois-ici-radio-canada-ca","status":"publish","type":"post","link":"https:\/\/blog.carlrobitaille.org\/?p=5441","title":{"rendered":"Le c\u00f4t\u00e9 sombre du livre qu\u00e9b\u00e9cois | ICI.Radio-Canada.ca"},"content":{"rendered":"<p><a href=\"http:\/\/ici.radio-canada.ca\/nouvelles\/societe\/2016\/03\/10\/001-enquete-cote-sombre-livre-edition-auteurs-redevance-quebec.shtml?utm_source=dlvr.it&#038;utm_medium=twitter\">Le c\u00f4t\u00e9 sombre du livre qu\u00e9b\u00e9cois | ICI.Radio-Canada.ca<\/a><\/p>\n<p><a href=\"http:\/\/ici.radio-canada.ca\/nouvelles\/societe\/2016\/03\/10\/001-enquete-cote-sombre-livre-edition-auteurs-redevance-quebec.shtml?utm_source=dlvr.it&#038;utm_medium=twitter\"><img decoding=\"async\" src=\"http:\/\/img.src.ca\/2015\/05\/24\/420x236\/150524_d76tw_dezo-carcajou-librairie_sn420.jpg\"><\/a><\/p>\n<p>Import\u00e9 de <a href=\"https:\/\/plus.google.com\/104239776541827516598\/posts\/eGvv8LwodmS\">Google+<\/a><\/p>\n","protected":false},"excerpt":{"rendered":"<p>Le c\u00f4t\u00e9 sombre du livre qu\u00e9b\u00e9cois | ICI.Radio-Canada.ca Import\u00e9 de Google+<\/p>\n","protected":false},"author":2,"featured_media":0,"comment_status":"open","ping_status":"open","sticky":false,"template":"","format":"standard","meta":{"footnotes":""},"categories":[1],"tags":[],"class_list":["post-5441","post","type-post","status-publish","format-standard","hentry","category-uncategorized"],"_links":{"self":[{"href":"https:\/\/blog.carlrobitaille.org\/index.php?rest_route=\/wp\/v2\/posts\/5441","targetHints":{"allow":["GET"]}}],"collection":[{"href":"https:\/\/blog.carlrobitaille.org\/index.php?rest_route=\/wp\/v2\/posts"}],"about":[{"href":"https:\/\/blog.carlrobitaille.org\/index.php?rest_route=\/wp\/v2\/types\/post"}],"author":[{"embeddable":true,"href":"https:\/\/blog.carlrobitaille.org\/index.php?rest_route=\/wp\/v2\/users\/2"}],"replies":[{"embeddable":true,"href":"https:\/\/blog.carlrobitaille.org\/index.php?rest_route=%2Fwp%2Fv2%2Fcomments&post=5441"}],"version-history":[{"count":3,"href":"https:\/\/blog.carlrobitaille.org\/index.php?rest_route=\/wp\/v2\/posts\/5441\/revisions"}],"predecessor-version":[{"id":5540,"href":"https:\/\/blog.carlrobitaille.org\/index.php?rest_route=\/wp\/v2\/posts\/5441\/revisions\/5540"}],"wp:attachment":[{"href":"https:\/\/blog.carlrobitaille.org\/index.php?rest_route=%2Fwp%2Fv2%2Fmedia&parent=5441"}],"wp:term":[{"taxonomy":"category","embeddable":true,"href":"https:\/\/blog.carlrobitaille.org\/index.php?rest_route=%2Fwp%2Fv2%2Fcategories&post=5441"},{"taxonomy":"post_tag","embeddable":true,"href":"https:\/\/blog.carlrobitaille.org\/index.php?rest_route=%2Fwp%2Fv2%2Ftags&post=5441"}],"curies":[{"name":"wp","href":"https:\/\/api.w.org\/{rel}","templated":true}]}}