{"id":30079,"date":"2022-03-11T11:55:53","date_gmt":"2022-03-11T16:55:53","guid":{"rendered":"https:\/\/blog.carlrobitaille.org\/?p=30079"},"modified":"2022-03-11T11:55:55","modified_gmt":"2022-03-11T16:55:55","slug":"femmes-et-enfants-designes-comme-cibles-par-vladimir-poutine%ef%bf%bc","status":"publish","type":"post","link":"https:\/\/blog.carlrobitaille.org\/?p=30079","title":{"rendered":"\u00abFemmes et enfants d\u00e9sign\u00e9s comme cibles par Vladimir Poutine\u00bb\ufffc"},"content":{"rendered":"\n<p><a href=\"https:\/\/www.985fm.ca\/nouvelles\/politique\/466491\/les-femmes-et-les-enfants-sont-designes-comme-cibles-par-vladimir-poutine\">\u00abFemmes et enfants d\u00e9sign\u00e9s comme cibles par Vladimir Poutine\u00bb<\/a><\/p>\n\n\n\n<figure class=\"wp-block-embed is-type-rich is-provider-twitter wp-block-embed-twitter\"><div class=\"wp-block-embed__wrapper\">\n<blockquote class=\"twitter-tweet\" data-width=\"550\" data-dnt=\"true\"><p lang=\"fr\" dir=\"ltr\">7e jour de l\u2019invasion de l\u2019Ukraine  \ud83c\uddfa\ud83c\udde6 | \u00abLes femmes et les enfants sont d\u00e9sign\u00e9s comme cibles par Vladimir Poutine\u00bb \ud83c\uddf7\ud83c\uddfa<br><br>\ud83c\udfa7 \u00c9coutez ce poignant t\u00e9moignage de d\u00e9put\u00e9e ukrainienne, Lesia Vasylenko, au \ud83c\udf99 de @drainvillepm \u27a1 <a href=\"https:\/\/t.co\/ksXupVVSWu\">https:\/\/t.co\/ksXupVVSWu<\/a> <a href=\"https:\/\/t.co\/hy0MULFIZR\">pic.twitter.com\/hy0MULFIZR<\/a><\/p>&mdash; 98.5 FM (@le985fm) <a href=\"https:\/\/twitter.com\/le985fm\/status\/1499113620701073409?ref_src=twsrc%5Etfw\">March 2, 2022<\/a><\/blockquote><script async src=\"https:\/\/platform.twitter.com\/widgets.js\" charset=\"utf-8\"><\/script>\n<\/div><\/figure>\n","protected":false},"excerpt":{"rendered":"<p>\u00abFemmes et enfants d\u00e9sign\u00e9s comme cibles par Vladimir Poutine\u00bb<\/p>\n","protected":false},"author":2,"featured_media":0,"comment_status":"open","ping_status":"open","sticky":false,"template":"","format":"standard","meta":{"footnotes":""},"categories":[60,10],"tags":[],"class_list":["post-30079","post","type-post","status-publish","format-standard","hentry","category-armee","category-politique"],"_links":{"self":[{"href":"https:\/\/blog.carlrobitaille.org\/index.php?rest_route=\/wp\/v2\/posts\/30079","targetHints":{"allow":["GET"]}}],"collection":[{"href":"https:\/\/blog.carlrobitaille.org\/index.php?rest_route=\/wp\/v2\/posts"}],"about":[{"href":"https:\/\/blog.carlrobitaille.org\/index.php?rest_route=\/wp\/v2\/types\/post"}],"author":[{"embeddable":true,"href":"https:\/\/blog.carlrobitaille.org\/index.php?rest_route=\/wp\/v2\/users\/2"}],"replies":[{"embeddable":true,"href":"https:\/\/blog.carlrobitaille.org\/index.php?rest_route=%2Fwp%2Fv2%2Fcomments&post=30079"}],"version-history":[{"count":1,"href":"https:\/\/blog.carlrobitaille.org\/index.php?rest_route=\/wp\/v2\/posts\/30079\/revisions"}],"predecessor-version":[{"id":30080,"href":"https:\/\/blog.carlrobitaille.org\/index.php?rest_route=\/wp\/v2\/posts\/30079\/revisions\/30080"}],"wp:attachment":[{"href":"https:\/\/blog.carlrobitaille.org\/index.php?rest_route=%2Fwp%2Fv2%2Fmedia&parent=30079"}],"wp:term":[{"taxonomy":"category","embeddable":true,"href":"https:\/\/blog.carlrobitaille.org\/index.php?rest_route=%2Fwp%2Fv2%2Fcategories&post=30079"},{"taxonomy":"post_tag","embeddable":true,"href":"https:\/\/blog.carlrobitaille.org\/index.php?rest_route=%2Fwp%2Fv2%2Ftags&post=30079"}],"curies":[{"name":"wp","href":"https:\/\/api.w.org\/{rel}","templated":true}]}}