{"id":29646,"date":"2022-02-15T10:59:36","date_gmt":"2022-02-15T15:59:36","guid":{"rendered":"https:\/\/blog.carlrobitaille.org\/?p=29646"},"modified":"2022-02-15T10:59:37","modified_gmt":"2022-02-15T15:59:37","slug":"un-tabou-en-heritage-financement-entre-les-universites-du-quebec","status":"publish","type":"post","link":"https:\/\/blog.carlrobitaille.org\/?p=29646","title":{"rendered":"Un tabou en h\u00e9ritage: financement entre les universit\u00e9s du Qu\u00e9bec"},"content":{"rendered":"\n<p><a href=\"https:\/\/plus.lapresse.ca\/screens\/87d66538-8237-414b-865a-b64ed4871c97__7C___0.html?utm_content=twitter&amp;utm_source=lpp&amp;utm_medium=referral&amp;utm_campaign=internal+share\">Un tabou en h\u00e9ritage: financement entre les universit\u00e9s du Qu\u00e9bec<\/a><\/p>\n\n\n\n<figure class=\"wp-block-embed is-type-rich is-provider-twitter wp-block-embed-twitter\"><div class=\"wp-block-embed__wrapper\">\n<blockquote class=\"twitter-tweet\" data-width=\"550\" data-dnt=\"true\"><p lang=\"fr\" dir=\"ltr\">Depuis 10 ans, l&#39;\u00e9cart de financement entre les universit\u00e9s du Qu\u00e9bec et du ROC se creuse et c&#39;est pire pour le r\u00e9seau francophone. <br>Analyse <a href=\"https:\/\/t.co\/FMPPsdrkfl\">https:\/\/t.co\/FMPPsdrkfl<\/a><\/p>&mdash; Paul Journet (@PaulJournet) <a href=\"https:\/\/twitter.com\/PaulJournet\/status\/1492860194983923716?ref_src=twsrc%5Etfw\">February 13, 2022<\/a><\/blockquote><script async src=\"https:\/\/platform.twitter.com\/widgets.js\" charset=\"utf-8\"><\/script>\n<\/div><\/figure>\n","protected":false},"excerpt":{"rendered":"<p>Un tabou en h\u00e9ritage: financement entre les universit\u00e9s du Qu\u00e9bec<\/p>\n","protected":false},"author":2,"featured_media":0,"comment_status":"open","ping_status":"open","sticky":false,"template":"","format":"standard","meta":{"footnotes":""},"categories":[54,18,12],"tags":[],"class_list":["post-29646","post","type-post","status-publish","format-standard","hentry","category-economie","category-education","category-politique-canadienne"],"_links":{"self":[{"href":"https:\/\/blog.carlrobitaille.org\/index.php?rest_route=\/wp\/v2\/posts\/29646","targetHints":{"allow":["GET"]}}],"collection":[{"href":"https:\/\/blog.carlrobitaille.org\/index.php?rest_route=\/wp\/v2\/posts"}],"about":[{"href":"https:\/\/blog.carlrobitaille.org\/index.php?rest_route=\/wp\/v2\/types\/post"}],"author":[{"embeddable":true,"href":"https:\/\/blog.carlrobitaille.org\/index.php?rest_route=\/wp\/v2\/users\/2"}],"replies":[{"embeddable":true,"href":"https:\/\/blog.carlrobitaille.org\/index.php?rest_route=%2Fwp%2Fv2%2Fcomments&post=29646"}],"version-history":[{"count":1,"href":"https:\/\/blog.carlrobitaille.org\/index.php?rest_route=\/wp\/v2\/posts\/29646\/revisions"}],"predecessor-version":[{"id":29647,"href":"https:\/\/blog.carlrobitaille.org\/index.php?rest_route=\/wp\/v2\/posts\/29646\/revisions\/29647"}],"wp:attachment":[{"href":"https:\/\/blog.carlrobitaille.org\/index.php?rest_route=%2Fwp%2Fv2%2Fmedia&parent=29646"}],"wp:term":[{"taxonomy":"category","embeddable":true,"href":"https:\/\/blog.carlrobitaille.org\/index.php?rest_route=%2Fwp%2Fv2%2Fcategories&post=29646"},{"taxonomy":"post_tag","embeddable":true,"href":"https:\/\/blog.carlrobitaille.org\/index.php?rest_route=%2Fwp%2Fv2%2Ftags&post=29646"}],"curies":[{"name":"wp","href":"https:\/\/api.w.org\/{rel}","templated":true}]}}