{"id":29037,"date":"2022-01-10T15:32:23","date_gmt":"2022-01-10T20:32:23","guid":{"rendered":"https:\/\/blog.carlrobitaille.org\/?p=29037"},"modified":"2022-01-10T15:32:26","modified_gmt":"2022-01-10T20:32:26","slug":"le-chateau-frontenac-en-1921-debut-de-la-construction-de-laile-saint-louis-et-de-la-tour-centrale-ajoutees-entre-1921-et-1924","status":"publish","type":"post","link":"https:\/\/blog.carlrobitaille.org\/?p=29037","title":{"rendered":"Le Ch\u00e2teau Frontenac en 1921, d\u00e9but de la construction de l&#8217;aile Saint-Louis et de la tour centrale, ajout\u00e9es entre 1921 et 1924"},"content":{"rendered":"\n<figure class=\"wp-block-embed is-type-rich is-provider-twitter wp-block-embed-twitter\"><div class=\"wp-block-embed__wrapper\">\n<blockquote class=\"twitter-tweet\" data-width=\"550\" data-dnt=\"true\"><p lang=\"fr\" dir=\"ltr\">Le Ch\u00e2teau Frontenac en 1921, d\u00e9but de la construction de l&#39;aile Saint-Louis et de la tour centrale, ajout\u00e9es entre 1921 et 1924   <a href=\"https:\/\/twitter.com\/hashtag\/histoire?src=hash&amp;ref_src=twsrc%5Etfw\">#histoire<\/a> <a href=\"https:\/\/twitter.com\/hashtag\/villedeQuebec?src=hash&amp;ref_src=twsrc%5Etfw\">#villedeQuebec<\/a> <a href=\"https:\/\/twitter.com\/hashtag\/CapitaleNationale?src=hash&amp;ref_src=twsrc%5Etfw\">#CapitaleNationale<\/a> <a href=\"https:\/\/twitter.com\/hashtag\/vieuxQuebec?src=hash&amp;ref_src=twsrc%5Etfw\">#vieuxQuebec<\/a> <a href=\"https:\/\/twitter.com\/hashtag\/QuebecCity?src=hash&amp;ref_src=twsrc%5Etfw\">#QuebecCity<\/a> <a href=\"https:\/\/twitter.com\/hashtag\/archives?src=hash&amp;ref_src=twsrc%5Etfw\">#archives<\/a> <a href=\"https:\/\/t.co\/jECThKq7py\">pic.twitter.com\/jECThKq7py<\/a><\/p>&mdash; Retour vers le Pass\u00e9 (ville de Qu\u00e9bec) (@ArchVillequebec) <a href=\"https:\/\/twitter.com\/ArchVillequebec\/status\/1479491942937505800?ref_src=twsrc%5Etfw\">January 7, 2022<\/a><\/blockquote><script async src=\"https:\/\/platform.twitter.com\/widgets.js\" charset=\"utf-8\"><\/script>\n<\/div><\/figure>\n","protected":false},"excerpt":{"rendered":"","protected":false},"author":2,"featured_media":0,"comment_status":"open","ping_status":"open","sticky":false,"template":"","format":"standard","meta":{"footnotes":""},"categories":[28,9],"tags":[],"class_list":["post-29037","post","type-post","status-publish","format-standard","hentry","category-architecture","category-histoire"],"_links":{"self":[{"href":"https:\/\/blog.carlrobitaille.org\/index.php?rest_route=\/wp\/v2\/posts\/29037","targetHints":{"allow":["GET"]}}],"collection":[{"href":"https:\/\/blog.carlrobitaille.org\/index.php?rest_route=\/wp\/v2\/posts"}],"about":[{"href":"https:\/\/blog.carlrobitaille.org\/index.php?rest_route=\/wp\/v2\/types\/post"}],"author":[{"embeddable":true,"href":"https:\/\/blog.carlrobitaille.org\/index.php?rest_route=\/wp\/v2\/users\/2"}],"replies":[{"embeddable":true,"href":"https:\/\/blog.carlrobitaille.org\/index.php?rest_route=%2Fwp%2Fv2%2Fcomments&post=29037"}],"version-history":[{"count":1,"href":"https:\/\/blog.carlrobitaille.org\/index.php?rest_route=\/wp\/v2\/posts\/29037\/revisions"}],"predecessor-version":[{"id":29038,"href":"https:\/\/blog.carlrobitaille.org\/index.php?rest_route=\/wp\/v2\/posts\/29037\/revisions\/29038"}],"wp:attachment":[{"href":"https:\/\/blog.carlrobitaille.org\/index.php?rest_route=%2Fwp%2Fv2%2Fmedia&parent=29037"}],"wp:term":[{"taxonomy":"category","embeddable":true,"href":"https:\/\/blog.carlrobitaille.org\/index.php?rest_route=%2Fwp%2Fv2%2Fcategories&post=29037"},{"taxonomy":"post_tag","embeddable":true,"href":"https:\/\/blog.carlrobitaille.org\/index.php?rest_route=%2Fwp%2Fv2%2Ftags&post=29037"}],"curies":[{"name":"wp","href":"https:\/\/api.w.org\/{rel}","templated":true}]}}