{"id":28699,"date":"2021-12-02T22:13:34","date_gmt":"2021-12-03T03:13:34","guid":{"rendered":"https:\/\/blog.carlrobitaille.org\/?p=28699"},"modified":"2021-12-02T22:13:37","modified_gmt":"2021-12-03T03:13:37","slug":"les-ecoles-primaires-sont-a-lorigine-de-presque-la-moitie-des-eclosions-et-de-plus-du-tiers-des-cas-actifs","status":"publish","type":"post","link":"https:\/\/blog.carlrobitaille.org\/?p=28699","title":{"rendered":"Les \u00e9coles primaires sont \u00e0 l\u2019origine de presque la moiti\u00e9 des \u00e9closions, et de plus du tiers des cas actifs"},"content":{"rendered":"\n<figure class=\"wp-block-embed is-type-rich is-provider-twitter wp-block-embed-twitter\"><div class=\"wp-block-embed__wrapper\">\n<blockquote class=\"twitter-tweet\" data-width=\"550\" data-dnt=\"true\"><p lang=\"fr\" dir=\"ltr\">Qu\u2019est-ce que la vaccination des 5 \u00e0 11 ans va changer? Tout.<br><br>Les \u00e9coles primaires (\ud83d\udfe8) sont \u00e0 l\u2019origine de presque la moiti\u00e9 des \u00e9closions, et de plus du tiers des cas actifs.<br><br>En comparaison, il y a tr\u00e8s peu d\u2019\u00e9closions au secondaire.<br><br>C\u2019est vraiment le commencement de la fin. <a href=\"https:\/\/t.co\/jweCaAaajl\">pic.twitter.com\/jweCaAaajl<\/a><\/p>&mdash; Patrick D\u00e9ry (@Patrickdery) <a href=\"https:\/\/twitter.com\/Patrickdery\/status\/1461709353988333574?ref_src=twsrc%5Etfw\">November 19, 2021<\/a><\/blockquote><script async src=\"https:\/\/platform.twitter.com\/widgets.js\" charset=\"utf-8\"><\/script>\n<\/div><\/figure>\n","protected":false},"excerpt":{"rendered":"","protected":false},"author":2,"featured_media":0,"comment_status":"open","ping_status":"open","sticky":false,"template":"","format":"standard","meta":{"footnotes":""},"categories":[18,24,12],"tags":[],"class_list":["post-28699","post","type-post","status-publish","format-standard","hentry","category-education","category-medecine","category-politique-canadienne"],"_links":{"self":[{"href":"https:\/\/blog.carlrobitaille.org\/index.php?rest_route=\/wp\/v2\/posts\/28699","targetHints":{"allow":["GET"]}}],"collection":[{"href":"https:\/\/blog.carlrobitaille.org\/index.php?rest_route=\/wp\/v2\/posts"}],"about":[{"href":"https:\/\/blog.carlrobitaille.org\/index.php?rest_route=\/wp\/v2\/types\/post"}],"author":[{"embeddable":true,"href":"https:\/\/blog.carlrobitaille.org\/index.php?rest_route=\/wp\/v2\/users\/2"}],"replies":[{"embeddable":true,"href":"https:\/\/blog.carlrobitaille.org\/index.php?rest_route=%2Fwp%2Fv2%2Fcomments&post=28699"}],"version-history":[{"count":1,"href":"https:\/\/blog.carlrobitaille.org\/index.php?rest_route=\/wp\/v2\/posts\/28699\/revisions"}],"predecessor-version":[{"id":28700,"href":"https:\/\/blog.carlrobitaille.org\/index.php?rest_route=\/wp\/v2\/posts\/28699\/revisions\/28700"}],"wp:attachment":[{"href":"https:\/\/blog.carlrobitaille.org\/index.php?rest_route=%2Fwp%2Fv2%2Fmedia&parent=28699"}],"wp:term":[{"taxonomy":"category","embeddable":true,"href":"https:\/\/blog.carlrobitaille.org\/index.php?rest_route=%2Fwp%2Fv2%2Fcategories&post=28699"},{"taxonomy":"post_tag","embeddable":true,"href":"https:\/\/blog.carlrobitaille.org\/index.php?rest_route=%2Fwp%2Fv2%2Ftags&post=28699"}],"curies":[{"name":"wp","href":"https:\/\/api.w.org\/{rel}","templated":true}]}}