{"id":28485,"date":"2021-10-15T10:01:51","date_gmt":"2021-10-15T14:01:51","guid":{"rendered":"https:\/\/blog.carlrobitaille.org\/?p=28485"},"modified":"2021-10-15T10:01:54","modified_gmt":"2021-10-15T14:01:54","slug":"abolir-la-loi-sur-les-indiens-plus-facile-a-dire-qua-faire-explique-lexpert-en-droit-autochtone-ghislain-otis","status":"publish","type":"post","link":"https:\/\/blog.carlrobitaille.org\/?p=28485","title":{"rendered":"Abolir la loi sur les Indiens, plus facile \u00e0 dire qu\u2019\u00e0 faire, explique l\u2019expert en droit autochtone, Ghislain Otis"},"content":{"rendered":"\n<p><a href=\"https:\/\/omny.fm\/shows\/l-haut-sur-la-colline-antoine-robitaille\/abolir-la-loi-sur-les-indiens-plus-facile-dire-qu#sharing\">Abolir la loi sur les Indiens, plus facile \u00e0 dire qu\u2019\u00e0 faire, explique l\u2019expert en droit autochtone, Ghislain Otis<\/a><\/p>\n\n\n\n<figure class=\"wp-block-embed is-type-rich is-provider-twitter wp-block-embed-twitter\"><div class=\"wp-block-embed__wrapper\">\n<blockquote class=\"twitter-tweet\" data-width=\"550\" data-dnt=\"true\"><p lang=\"fr\" dir=\"ltr\">Abolir la loi sur les Indiens ? Plus facile \u00e0 dire qu\u2019\u00e0 faire, explique l\u2019expert en droit autochtone, Ghislain Otis, de l&#39;Universit\u00e9 d&#39;Ottawa.<br><br>\u00c0 l\u00e0-haut sur la colline <a href=\"https:\/\/twitter.com\/QubRadio?ref_src=twsrc%5Etfw\">@QubRadio<\/a>.<a href=\"https:\/\/t.co\/tr0XuAdXQA\">https:\/\/t.co\/tr0XuAdXQA<\/a><a href=\"https:\/\/t.co\/IUpjGeXTIG\">https:\/\/t.co\/IUpjGeXTIG<\/a> <a href=\"https:\/\/t.co\/w0dcMVuJqa\">pic.twitter.com\/w0dcMVuJqa<\/a><\/p>&mdash; Antoine Robitaille (@Ant_Robitaille) <a href=\"https:\/\/twitter.com\/Ant_Robitaille\/status\/1448638766227365899?ref_src=twsrc%5Etfw\">October 14, 2021<\/a><\/blockquote><script async src=\"https:\/\/platform.twitter.com\/widgets.js\" charset=\"utf-8\"><\/script>\n<\/div><\/figure>\n","protected":false},"excerpt":{"rendered":"<p>Abolir la loi sur les Indiens, plus facile \u00e0 dire qu\u2019\u00e0 faire, explique l\u2019expert en droit autochtone, Ghislain Otis<\/p>\n","protected":false},"author":2,"featured_media":0,"comment_status":"open","ping_status":"open","sticky":false,"template":"","format":"standard","meta":{"footnotes":""},"categories":[9,12,43],"tags":[],"class_list":["post-28485","post","type-post","status-publish","format-standard","hentry","category-histoire","category-politique-canadienne","category-sociologie"],"_links":{"self":[{"href":"https:\/\/blog.carlrobitaille.org\/index.php?rest_route=\/wp\/v2\/posts\/28485","targetHints":{"allow":["GET"]}}],"collection":[{"href":"https:\/\/blog.carlrobitaille.org\/index.php?rest_route=\/wp\/v2\/posts"}],"about":[{"href":"https:\/\/blog.carlrobitaille.org\/index.php?rest_route=\/wp\/v2\/types\/post"}],"author":[{"embeddable":true,"href":"https:\/\/blog.carlrobitaille.org\/index.php?rest_route=\/wp\/v2\/users\/2"}],"replies":[{"embeddable":true,"href":"https:\/\/blog.carlrobitaille.org\/index.php?rest_route=%2Fwp%2Fv2%2Fcomments&post=28485"}],"version-history":[{"count":1,"href":"https:\/\/blog.carlrobitaille.org\/index.php?rest_route=\/wp\/v2\/posts\/28485\/revisions"}],"predecessor-version":[{"id":28486,"href":"https:\/\/blog.carlrobitaille.org\/index.php?rest_route=\/wp\/v2\/posts\/28485\/revisions\/28486"}],"wp:attachment":[{"href":"https:\/\/blog.carlrobitaille.org\/index.php?rest_route=%2Fwp%2Fv2%2Fmedia&parent=28485"}],"wp:term":[{"taxonomy":"category","embeddable":true,"href":"https:\/\/blog.carlrobitaille.org\/index.php?rest_route=%2Fwp%2Fv2%2Fcategories&post=28485"},{"taxonomy":"post_tag","embeddable":true,"href":"https:\/\/blog.carlrobitaille.org\/index.php?rest_route=%2Fwp%2Fv2%2Ftags&post=28485"}],"curies":[{"name":"wp","href":"https:\/\/api.w.org\/{rel}","templated":true}]}}