{"id":28418,"date":"2021-10-07T11:21:38","date_gmt":"2021-10-07T15:21:38","guid":{"rendered":"https:\/\/blog.carlrobitaille.org\/?p=28418"},"modified":"2021-10-07T11:21:39","modified_gmt":"2021-10-07T15:21:39","slug":"devoilement-de-la-statue-samuel-de-champlainterrasse-dufferin-le-21-septembre-1898","status":"publish","type":"post","link":"https:\/\/blog.carlrobitaille.org\/?p=28418","title":{"rendered":"D\u00e9voilement de la Statue Samuel De Champlain(terrasse Dufferin) le 21 septembre  1898."},"content":{"rendered":"\n<figure class=\"wp-block-embed is-type-rich is-provider-twitter wp-block-embed-twitter\"><div class=\"wp-block-embed__wrapper\">\n<blockquote class=\"twitter-tweet\" data-width=\"550\" data-dnt=\"true\"><p lang=\"fr\" dir=\"ltr\">D\u00e9voilement de la Statue Samuel De Champlain(terrasse Dufferin) le 21 septembre  1898.  sculpt\u00e9 par le  Fran\u00e7ais Paul Chevr\u00e9 <br>   <a href=\"https:\/\/twitter.com\/hashtag\/Histoire?src=hash&amp;ref_src=twsrc%5Etfw\">#Histoire<\/a> <a href=\"https:\/\/twitter.com\/hashtag\/villedeQuebec?src=hash&amp;ref_src=twsrc%5Etfw\">#villedeQuebec<\/a> <a href=\"https:\/\/twitter.com\/hashtag\/CapitaleNationale?src=hash&amp;ref_src=twsrc%5Etfw\">#CapitaleNationale<\/a> <a href=\"https:\/\/twitter.com\/hashtag\/archives?src=hash&amp;ref_src=twsrc%5Etfw\">#archives<\/a> <a href=\"https:\/\/twitter.com\/hashtag\/Quebec?src=hash&amp;ref_src=twsrc%5Etfw\">#Quebec<\/a> <a href=\"https:\/\/t.co\/7MVB13HoXC\">pic.twitter.com\/7MVB13HoXC<\/a><\/p>&mdash; Retour vers le Pass\u00e9 (ville de Qu\u00e9bec) (@ArchVillequebec) <a href=\"https:\/\/twitter.com\/ArchVillequebec\/status\/1445530677005279239?ref_src=twsrc%5Etfw\">October 5, 2021<\/a><\/blockquote><script async src=\"https:\/\/platform.twitter.com\/widgets.js\" charset=\"utf-8\"><\/script>\n<\/div><\/figure>\n","protected":false},"excerpt":{"rendered":"","protected":false},"author":2,"featured_media":0,"comment_status":"open","ping_status":"open","sticky":false,"template":"","format":"standard","meta":{"footnotes":""},"categories":[39,9,12],"tags":[],"class_list":["post-28418","post","type-post","status-publish","format-standard","hentry","category-art","category-histoire","category-politique-canadienne"],"_links":{"self":[{"href":"https:\/\/blog.carlrobitaille.org\/index.php?rest_route=\/wp\/v2\/posts\/28418","targetHints":{"allow":["GET"]}}],"collection":[{"href":"https:\/\/blog.carlrobitaille.org\/index.php?rest_route=\/wp\/v2\/posts"}],"about":[{"href":"https:\/\/blog.carlrobitaille.org\/index.php?rest_route=\/wp\/v2\/types\/post"}],"author":[{"embeddable":true,"href":"https:\/\/blog.carlrobitaille.org\/index.php?rest_route=\/wp\/v2\/users\/2"}],"replies":[{"embeddable":true,"href":"https:\/\/blog.carlrobitaille.org\/index.php?rest_route=%2Fwp%2Fv2%2Fcomments&post=28418"}],"version-history":[{"count":1,"href":"https:\/\/blog.carlrobitaille.org\/index.php?rest_route=\/wp\/v2\/posts\/28418\/revisions"}],"predecessor-version":[{"id":28419,"href":"https:\/\/blog.carlrobitaille.org\/index.php?rest_route=\/wp\/v2\/posts\/28418\/revisions\/28419"}],"wp:attachment":[{"href":"https:\/\/blog.carlrobitaille.org\/index.php?rest_route=%2Fwp%2Fv2%2Fmedia&parent=28418"}],"wp:term":[{"taxonomy":"category","embeddable":true,"href":"https:\/\/blog.carlrobitaille.org\/index.php?rest_route=%2Fwp%2Fv2%2Fcategories&post=28418"},{"taxonomy":"post_tag","embeddable":true,"href":"https:\/\/blog.carlrobitaille.org\/index.php?rest_route=%2Fwp%2Fv2%2Ftags&post=28418"}],"curies":[{"name":"wp","href":"https:\/\/api.w.org\/{rel}","templated":true}]}}