{"id":28311,"date":"2021-09-27T11:15:19","date_gmt":"2021-09-27T15:15:19","guid":{"rendered":"https:\/\/blog.carlrobitaille.org\/?p=28311"},"modified":"2021-09-27T11:15:21","modified_gmt":"2021-09-27T15:15:21","slug":"une-enseignante-non-vaccinee-aurait-contamine-plusieurs-eleves-dune-ecole-primaire","status":"publish","type":"post","link":"https:\/\/blog.carlrobitaille.org\/?p=28311","title":{"rendered":"Une enseignante non vaccin\u00e9e aurait contamin\u00e9 plusieurs \u00e9l\u00e8ves d\u2019une \u00e9cole primaire"},"content":{"rendered":"\n<p><a href=\"https:\/\/www.985fm.ca\/audio\/426164\/isabelle-mere-de-famille\">Une enseignante non vaccin\u00e9e aurait contamin\u00e9 plusieurs \u00e9l\u00e8ves d\u2019une \u00e9cole primaire<\/a><\/p>\n\n\n\n<figure class=\"wp-block-embed is-type-rich is-provider-twitter wp-block-embed-twitter\"><div class=\"wp-block-embed__wrapper\">\n<blockquote class=\"twitter-tweet\" data-width=\"550\" data-dnt=\"true\"><p lang=\"fr\" dir=\"ltr\">Si vous avez envie de devenir enrag\u00e9,  entrevue de <a href=\"https:\/\/twitter.com\/kick1972?ref_src=twsrc%5Etfw\">@kick1972<\/a> avec une m\u00e8re dont le fils a attrap\u00e9 la COVID \u00e0 l\u2019\u00e9cole, d\u2019une enseignante antivaxx et complotiste. Le tiers des enfants de la classe positifs, \u00e9cole ferm\u00e9e <a href=\"https:\/\/t.co\/7X2CP6LMHR\">https:\/\/t.co\/7X2CP6LMHR<\/a><\/p>&mdash; David Lussier (@LussiD) <a href=\"https:\/\/twitter.com\/LussiD\/status\/1440780109158305800?ref_src=twsrc%5Etfw\">September 22, 2021<\/a><\/blockquote><script async src=\"https:\/\/platform.twitter.com\/widgets.js\" charset=\"utf-8\"><\/script>\n<\/div><\/figure>\n","protected":false},"excerpt":{"rendered":"<p>Une enseignante non vaccin\u00e9e aurait contamin\u00e9 plusieurs \u00e9l\u00e8ves d\u2019une \u00e9cole primaire<\/p>\n","protected":false},"author":2,"featured_media":0,"comment_status":"open","ping_status":"open","sticky":false,"template":"","format":"standard","meta":{"footnotes":""},"categories":[18,24,12],"tags":[],"class_list":["post-28311","post","type-post","status-publish","format-standard","hentry","category-education","category-medecine","category-politique-canadienne"],"_links":{"self":[{"href":"https:\/\/blog.carlrobitaille.org\/index.php?rest_route=\/wp\/v2\/posts\/28311","targetHints":{"allow":["GET"]}}],"collection":[{"href":"https:\/\/blog.carlrobitaille.org\/index.php?rest_route=\/wp\/v2\/posts"}],"about":[{"href":"https:\/\/blog.carlrobitaille.org\/index.php?rest_route=\/wp\/v2\/types\/post"}],"author":[{"embeddable":true,"href":"https:\/\/blog.carlrobitaille.org\/index.php?rest_route=\/wp\/v2\/users\/2"}],"replies":[{"embeddable":true,"href":"https:\/\/blog.carlrobitaille.org\/index.php?rest_route=%2Fwp%2Fv2%2Fcomments&post=28311"}],"version-history":[{"count":1,"href":"https:\/\/blog.carlrobitaille.org\/index.php?rest_route=\/wp\/v2\/posts\/28311\/revisions"}],"predecessor-version":[{"id":28312,"href":"https:\/\/blog.carlrobitaille.org\/index.php?rest_route=\/wp\/v2\/posts\/28311\/revisions\/28312"}],"wp:attachment":[{"href":"https:\/\/blog.carlrobitaille.org\/index.php?rest_route=%2Fwp%2Fv2%2Fmedia&parent=28311"}],"wp:term":[{"taxonomy":"category","embeddable":true,"href":"https:\/\/blog.carlrobitaille.org\/index.php?rest_route=%2Fwp%2Fv2%2Fcategories&post=28311"},{"taxonomy":"post_tag","embeddable":true,"href":"https:\/\/blog.carlrobitaille.org\/index.php?rest_route=%2Fwp%2Fv2%2Ftags&post=28311"}],"curies":[{"name":"wp","href":"https:\/\/api.w.org\/{rel}","templated":true}]}}