{"id":25981,"date":"2020-10-23T11:15:24","date_gmt":"2020-10-23T15:15:24","guid":{"rendered":"https:\/\/blog.carlrobitaille.org\/?p=25981"},"modified":"2020-10-23T11:15:26","modified_gmt":"2020-10-23T15:15:26","slug":"premieres-images-du-contact-hier-soir-entre-la-sonde-osiris-rex-et-lasteroide-bennu","status":"publish","type":"post","link":"https:\/\/blog.carlrobitaille.org\/?p=25981","title":{"rendered":"Premi\u00e8res images du contact, hier soir, entre la sonde OSIRIS-REx et l&#8217;ast\u00e9ro\u00efde Bennu"},"content":{"rendered":"\n<p><a href=\"https:\/\/limportant.fr\/infos-planete\/56\/520560\">Premi\u00e8res images du contact, hier soir, entre la sonde OSIRIS-REx et l&#8217;ast\u00e9ro\u00efde Bennu<\/a><\/p>\n\n\n\n<figure class=\"wp-block-embed-twitter wp-block-embed is-type-rich is-provider-twitter\"><div class=\"wp-block-embed__wrapper\">\n<blockquote class=\"twitter-tweet\" data-width=\"550\" data-dnt=\"true\"><p lang=\"fr\" dir=\"ltr\">Premi\u00e8res images du contact, hier soir, entre la sonde OSIRIS-REx et l&#39;ast\u00e9ro\u00efde Bennu <a href=\"https:\/\/t.co\/s3g2JDa4r5\">https:\/\/t.co\/s3g2JDa4r5<\/a> <a href=\"https:\/\/twitter.com\/OSIRISREx?ref_src=twsrc%5Etfw\">@OSIRISREx<\/a> <a href=\"https:\/\/t.co\/Cs35Tgwg8x\">pic.twitter.com\/Cs35Tgwg8x<\/a><\/p>&mdash; L&#39;important (@Limportant_fr) <a href=\"https:\/\/twitter.com\/Limportant_fr\/status\/1319033098177335299?ref_src=twsrc%5Etfw\">October 21, 2020<\/a><\/blockquote><script async src=\"https:\/\/platform.twitter.com\/widgets.js\" charset=\"utf-8\"><\/script>\n<\/div><\/figure>\n","protected":false},"excerpt":{"rendered":"<p>Premi\u00e8res images du contact, hier soir, entre la sonde OSIRIS-REx et l&#8217;ast\u00e9ro\u00efde Bennu<\/p>\n","protected":false},"author":2,"featured_media":0,"comment_status":"open","ping_status":"open","sticky":false,"template":"","format":"standard","meta":{"footnotes":""},"categories":[56],"tags":[],"class_list":["post-25981","post","type-post","status-publish","format-standard","hentry","category-exploration-spaciale"],"_links":{"self":[{"href":"https:\/\/blog.carlrobitaille.org\/index.php?rest_route=\/wp\/v2\/posts\/25981","targetHints":{"allow":["GET"]}}],"collection":[{"href":"https:\/\/blog.carlrobitaille.org\/index.php?rest_route=\/wp\/v2\/posts"}],"about":[{"href":"https:\/\/blog.carlrobitaille.org\/index.php?rest_route=\/wp\/v2\/types\/post"}],"author":[{"embeddable":true,"href":"https:\/\/blog.carlrobitaille.org\/index.php?rest_route=\/wp\/v2\/users\/2"}],"replies":[{"embeddable":true,"href":"https:\/\/blog.carlrobitaille.org\/index.php?rest_route=%2Fwp%2Fv2%2Fcomments&post=25981"}],"version-history":[{"count":1,"href":"https:\/\/blog.carlrobitaille.org\/index.php?rest_route=\/wp\/v2\/posts\/25981\/revisions"}],"predecessor-version":[{"id":25982,"href":"https:\/\/blog.carlrobitaille.org\/index.php?rest_route=\/wp\/v2\/posts\/25981\/revisions\/25982"}],"wp:attachment":[{"href":"https:\/\/blog.carlrobitaille.org\/index.php?rest_route=%2Fwp%2Fv2%2Fmedia&parent=25981"}],"wp:term":[{"taxonomy":"category","embeddable":true,"href":"https:\/\/blog.carlrobitaille.org\/index.php?rest_route=%2Fwp%2Fv2%2Fcategories&post=25981"},{"taxonomy":"post_tag","embeddable":true,"href":"https:\/\/blog.carlrobitaille.org\/index.php?rest_route=%2Fwp%2Fv2%2Ftags&post=25981"}],"curies":[{"name":"wp","href":"https:\/\/api.w.org\/{rel}","templated":true}]}}