{"id":24686,"date":"2020-08-22T19:43:56","date_gmt":"2020-08-22T23:43:56","guid":{"rendered":"https:\/\/blog.carlrobitaille.org\/?p=24686"},"modified":"2020-08-22T19:43:59","modified_gmt":"2020-08-22T23:43:59","slug":"pas-tous-presses-detre-vaccines","status":"publish","type":"post","link":"https:\/\/blog.carlrobitaille.org\/?p=24686","title":{"rendered":"Pas tous press\u00e9s d\u2019\u00eatre vaccin\u00e9s"},"content":{"rendered":"\n<p><a href=\"https:\/\/plus.lapresse.ca\/screens\/b20c0ac0-659e-4e48-8bec-3dc1bfb089ff__7C___0.html?utm_content=twitter&amp;utm_source=lpp&amp;utm_medium=referral&amp;utm_campaign=internal+share\">Pas tous press\u00e9s d\u2019\u00eatre vaccin\u00e9s<\/a><\/p>\n\n\n\n<figure class=\"wp-block-embed-twitter wp-block-embed is-type-rich is-provider-twitter\"><div class=\"wp-block-embed__wrapper\">\n<blockquote class=\"twitter-tweet\" data-width=\"550\" data-dnt=\"true\"><p lang=\"fr\" dir=\"ltr\">18% des Qu\u00e9b\u00e9cois croient que la covid-19 \u00aba \u00e9t\u00e9 cr\u00e9\u00e9e par les gouvernements pour nous contr\u00f4ler\u00bb.<br>Presque un sur cinq.<br>C\u2019est \u00e9norme, renversant, d\u00e9solant et inqui\u00e9tant.<br>Il n\u2019y a pas que le syst\u00e8me de sant\u00e9 qui nous a failli ces derni\u00e8res ann\u00e9es&#8230; <a href=\"https:\/\/t.co\/vcCEDRNBwO\">https:\/\/t.co\/vcCEDRNBwO<\/a><\/p>&mdash; Patrick D\u00e9ry (@Patrickdery) <a href=\"https:\/\/twitter.com\/Patrickdery\/status\/1296793635992866818?ref_src=twsrc%5Etfw\">August 21, 2020<\/a><\/blockquote><script async src=\"https:\/\/platform.twitter.com\/widgets.js\" charset=\"utf-8\"><\/script>\n<\/div><\/figure>\n","protected":false},"excerpt":{"rendered":"<p>Pas tous press\u00e9s d\u2019\u00eatre vaccin\u00e9s<\/p>\n","protected":false},"author":2,"featured_media":0,"comment_status":"open","ping_status":"open","sticky":false,"template":"","format":"standard","meta":{"footnotes":""},"categories":[24,43],"tags":[],"class_list":["post-24686","post","type-post","status-publish","format-standard","hentry","category-medecine","category-sociologie"],"_links":{"self":[{"href":"https:\/\/blog.carlrobitaille.org\/index.php?rest_route=\/wp\/v2\/posts\/24686","targetHints":{"allow":["GET"]}}],"collection":[{"href":"https:\/\/blog.carlrobitaille.org\/index.php?rest_route=\/wp\/v2\/posts"}],"about":[{"href":"https:\/\/blog.carlrobitaille.org\/index.php?rest_route=\/wp\/v2\/types\/post"}],"author":[{"embeddable":true,"href":"https:\/\/blog.carlrobitaille.org\/index.php?rest_route=\/wp\/v2\/users\/2"}],"replies":[{"embeddable":true,"href":"https:\/\/blog.carlrobitaille.org\/index.php?rest_route=%2Fwp%2Fv2%2Fcomments&post=24686"}],"version-history":[{"count":1,"href":"https:\/\/blog.carlrobitaille.org\/index.php?rest_route=\/wp\/v2\/posts\/24686\/revisions"}],"predecessor-version":[{"id":24687,"href":"https:\/\/blog.carlrobitaille.org\/index.php?rest_route=\/wp\/v2\/posts\/24686\/revisions\/24687"}],"wp:attachment":[{"href":"https:\/\/blog.carlrobitaille.org\/index.php?rest_route=%2Fwp%2Fv2%2Fmedia&parent=24686"}],"wp:term":[{"taxonomy":"category","embeddable":true,"href":"https:\/\/blog.carlrobitaille.org\/index.php?rest_route=%2Fwp%2Fv2%2Fcategories&post=24686"},{"taxonomy":"post_tag","embeddable":true,"href":"https:\/\/blog.carlrobitaille.org\/index.php?rest_route=%2Fwp%2Fv2%2Ftags&post=24686"}],"curies":[{"name":"wp","href":"https:\/\/api.w.org\/{rel}","templated":true}]}}