{"id":23564,"date":"2020-06-11T20:42:48","date_gmt":"2020-06-12T00:42:48","guid":{"rendered":"https:\/\/blog.carlrobitaille.org\/?p=23564"},"modified":"2020-06-11T20:43:00","modified_gmt":"2020-06-12T00:43:00","slug":"petition-decentralisation-du-systeme-de-sante-du-quebec-afin-de-favoriser-une-gouvernance-locale","status":"publish","type":"post","link":"https:\/\/blog.carlrobitaille.org\/?p=23564","title":{"rendered":"P\u00e9tition : D\u00e9centralisation du syst\u00e8me de sant\u00e9 du Qu\u00e9bec afin de favoriser une gouvernance locale"},"content":{"rendered":"\n<figure class=\"wp-block-embed-twitter wp-block-embed is-type-rich is-provider-twitter\"><div class=\"wp-block-embed__wrapper\">\n<blockquote class=\"twitter-tweet\" data-width=\"550\" data-dnt=\"true\"><p lang=\"fr\" dir=\"ltr\">1. Avant les \u00e9lections de 2018, la CAQ et son porte-parole en sant\u00e9 de l&#39;\u00e9poque (Fran\u00e7ois Paradis) ont fait le tour du Qu\u00e9bec. Forts de ce travail, ils ont ensuite mis de l&#39;avant une d\u00e9centralisation comme mesure principale en sant\u00e9 pour am\u00e9liorer l&#39;accessibilit\u00e9 en sant\u00e9. <a href=\"https:\/\/twitter.com\/hashtag\/polqc?src=hash&amp;ref_src=twsrc%5Etfw\">#polqc<\/a> <a href=\"https:\/\/t.co\/IDkJzfe8KW\">pic.twitter.com\/IDkJzfe8KW<\/a><\/p>&mdash; Simon-Pierre Landry (@SimonPiLandry) <a href=\"https:\/\/twitter.com\/SimonPiLandry\/status\/1271229778176212993?ref_src=twsrc%5Etfw\">June 11, 2020<\/a><\/blockquote><script async src=\"https:\/\/platform.twitter.com\/widgets.js\" charset=\"utf-8\"><\/script>\n<\/div><\/figure>\n\n\n\n<p><a href=\"https:\/\/www.assnat.qc.ca\/fr\/exprimez-votre-opinion\/petition\/Petition-8437\/index.html\">https:\/\/www.assnat.qc.ca\/fr\/exprimez-votre-opinion\/petition\/Petition-8437\/index.html<\/a><\/p>\n","protected":false},"excerpt":{"rendered":"<p>https:\/\/www.assnat.qc.ca\/fr\/exprimez-votre-opinion\/petition\/Petition-8437\/index.html<\/p>\n","protected":false},"author":2,"featured_media":0,"comment_status":"open","ping_status":"open","sticky":false,"template":"","format":"standard","meta":{"footnotes":""},"categories":[44,24,12],"tags":[],"class_list":["post-23564","post","type-post","status-publish","format-standard","hentry","category-activisme","category-medecine","category-politique-canadienne"],"_links":{"self":[{"href":"https:\/\/blog.carlrobitaille.org\/index.php?rest_route=\/wp\/v2\/posts\/23564","targetHints":{"allow":["GET"]}}],"collection":[{"href":"https:\/\/blog.carlrobitaille.org\/index.php?rest_route=\/wp\/v2\/posts"}],"about":[{"href":"https:\/\/blog.carlrobitaille.org\/index.php?rest_route=\/wp\/v2\/types\/post"}],"author":[{"embeddable":true,"href":"https:\/\/blog.carlrobitaille.org\/index.php?rest_route=\/wp\/v2\/users\/2"}],"replies":[{"embeddable":true,"href":"https:\/\/blog.carlrobitaille.org\/index.php?rest_route=%2Fwp%2Fv2%2Fcomments&post=23564"}],"version-history":[{"count":1,"href":"https:\/\/blog.carlrobitaille.org\/index.php?rest_route=\/wp\/v2\/posts\/23564\/revisions"}],"predecessor-version":[{"id":23565,"href":"https:\/\/blog.carlrobitaille.org\/index.php?rest_route=\/wp\/v2\/posts\/23564\/revisions\/23565"}],"wp:attachment":[{"href":"https:\/\/blog.carlrobitaille.org\/index.php?rest_route=%2Fwp%2Fv2%2Fmedia&parent=23564"}],"wp:term":[{"taxonomy":"category","embeddable":true,"href":"https:\/\/blog.carlrobitaille.org\/index.php?rest_route=%2Fwp%2Fv2%2Fcategories&post=23564"},{"taxonomy":"post_tag","embeddable":true,"href":"https:\/\/blog.carlrobitaille.org\/index.php?rest_route=%2Fwp%2Fv2%2Ftags&post=23564"}],"curies":[{"name":"wp","href":"https:\/\/api.w.org\/{rel}","templated":true}]}}