{"id":23356,"date":"2020-06-03T20:53:37","date_gmt":"2020-06-04T00:53:37","guid":{"rendered":"https:\/\/blog.carlrobitaille.org\/?p=23356"},"modified":"2020-06-03T20:53:46","modified_gmt":"2020-06-04T00:53:46","slug":"glissement-de-terrain-ce-mercredi-a-alta-en-norvege","status":"publish","type":"post","link":"https:\/\/blog.carlrobitaille.org\/?p=23356","title":{"rendered":"Glissement de terrain ce mercredi \u00e0 Alta en Norv\u00e8ge"},"content":{"rendered":"\n<figure class=\"wp-block-embed-twitter wp-block-embed is-type-rich is-provider-twitter\"><div class=\"wp-block-embed__wrapper\">\n<blockquote class=\"twitter-tweet\" data-width=\"550\" data-dnt=\"true\"><p lang=\"fr\" dir=\"ltr\">\ud83c\uddf3\ud83c\uddf4 FLASH &#8211; Un glissement de terrain a eu lieu ce mercredi \u00e0 <a href=\"https:\/\/twitter.com\/hashtag\/Alta?src=hash&amp;ref_src=twsrc%5Etfw\">#Alta<\/a> en <a href=\"https:\/\/twitter.com\/hashtag\/Norv%C3%A8ge?src=hash&amp;ref_src=twsrc%5Etfw\">#Norv\u00e8ge<\/a>. Plusieurs maisons ont \u00e9t\u00e9 emport\u00e9es dans la mer. (Via <a href=\"https:\/\/twitter.com\/JanFredrikD?ref_src=twsrc%5Etfw\">@JanFredrikD<\/a>) <a href=\"https:\/\/t.co\/ZTpufXb19O\">pic.twitter.com\/ZTpufXb19O<\/a><\/p>&mdash; Mediavenir (@Mediavenir) <a href=\"https:\/\/twitter.com\/Mediavenir\/status\/1268298475252461574?ref_src=twsrc%5Etfw\">June 3, 2020<\/a><\/blockquote><script async src=\"https:\/\/platform.twitter.com\/widgets.js\" charset=\"utf-8\"><\/script>\n<\/div><\/figure>\n","protected":false},"excerpt":{"rendered":"","protected":false},"author":2,"featured_media":0,"comment_status":"open","ping_status":"open","sticky":false,"template":"","format":"standard","meta":{"footnotes":""},"categories":[55,38,29],"tags":[],"class_list":["post-23356","post","type-post","status-publish","format-standard","hentry","category-geologie","category-meteo","category-physique"],"_links":{"self":[{"href":"https:\/\/blog.carlrobitaille.org\/index.php?rest_route=\/wp\/v2\/posts\/23356","targetHints":{"allow":["GET"]}}],"collection":[{"href":"https:\/\/blog.carlrobitaille.org\/index.php?rest_route=\/wp\/v2\/posts"}],"about":[{"href":"https:\/\/blog.carlrobitaille.org\/index.php?rest_route=\/wp\/v2\/types\/post"}],"author":[{"embeddable":true,"href":"https:\/\/blog.carlrobitaille.org\/index.php?rest_route=\/wp\/v2\/users\/2"}],"replies":[{"embeddable":true,"href":"https:\/\/blog.carlrobitaille.org\/index.php?rest_route=%2Fwp%2Fv2%2Fcomments&post=23356"}],"version-history":[{"count":1,"href":"https:\/\/blog.carlrobitaille.org\/index.php?rest_route=\/wp\/v2\/posts\/23356\/revisions"}],"predecessor-version":[{"id":23357,"href":"https:\/\/blog.carlrobitaille.org\/index.php?rest_route=\/wp\/v2\/posts\/23356\/revisions\/23357"}],"wp:attachment":[{"href":"https:\/\/blog.carlrobitaille.org\/index.php?rest_route=%2Fwp%2Fv2%2Fmedia&parent=23356"}],"wp:term":[{"taxonomy":"category","embeddable":true,"href":"https:\/\/blog.carlrobitaille.org\/index.php?rest_route=%2Fwp%2Fv2%2Fcategories&post=23356"},{"taxonomy":"post_tag","embeddable":true,"href":"https:\/\/blog.carlrobitaille.org\/index.php?rest_route=%2Fwp%2Fv2%2Ftags&post=23356"}],"curies":[{"name":"wp","href":"https:\/\/api.w.org\/{rel}","templated":true}]}}