{"id":23310,"date":"2020-06-01T20:44:04","date_gmt":"2020-06-02T00:44:04","guid":{"rendered":"https:\/\/blog.carlrobitaille.org\/?p=23310"},"modified":"2020-06-01T20:44:05","modified_gmt":"2020-06-02T00:44:05","slug":"lucien-bouchard-premier-ministre-du-quebec-de-1996-a-2001-reagit-au-deces-de-lex-chef-du-bloc-quebecois-michel-gauthier","status":"publish","type":"post","link":"https:\/\/blog.carlrobitaille.org\/?p=23310","title":{"rendered":"Lucien Bouchard, premier ministre du Qu\u00e9bec de 1996 \u00e0 2001, r\u00e9agit au d\u00e9c\u00e8s de l\u2019ex-chef du Bloc Qu\u00e9b\u00e9cois Michel Gauthier"},"content":{"rendered":"\n<p><a href=\"https:\/\/www.985fm.ca\/extraits-audios\/opinions\/311222\/lucien-bouchard-premier-ministre-du-quebec-de-1996-a-2001-reagit-au-deces-de-lex-chef-du-bloc-quebecois-michel-gauthier\">Lucien Bouchard, premier ministre du Qu\u00e9bec de 1996 \u00e0 2001, r\u00e9agit au d\u00e9c\u00e8s de l\u2019ex-chef du Bloc Qu\u00e9b\u00e9cois Michel Gauthier<\/a><\/p>\n","protected":false},"excerpt":{"rendered":"<p>Lucien Bouchard, premier ministre du Qu\u00e9bec de 1996 \u00e0 2001, r\u00e9agit au d\u00e9c\u00e8s de l\u2019ex-chef du Bloc Qu\u00e9b\u00e9cois Michel Gauthier<\/p>\n","protected":false},"author":2,"featured_media":0,"comment_status":"open","ping_status":"open","sticky":false,"template":"","format":"standard","meta":{"footnotes":""},"categories":[9,12],"tags":[],"class_list":["post-23310","post","type-post","status-publish","format-standard","hentry","category-histoire","category-politique-canadienne"],"_links":{"self":[{"href":"https:\/\/blog.carlrobitaille.org\/index.php?rest_route=\/wp\/v2\/posts\/23310","targetHints":{"allow":["GET"]}}],"collection":[{"href":"https:\/\/blog.carlrobitaille.org\/index.php?rest_route=\/wp\/v2\/posts"}],"about":[{"href":"https:\/\/blog.carlrobitaille.org\/index.php?rest_route=\/wp\/v2\/types\/post"}],"author":[{"embeddable":true,"href":"https:\/\/blog.carlrobitaille.org\/index.php?rest_route=\/wp\/v2\/users\/2"}],"replies":[{"embeddable":true,"href":"https:\/\/blog.carlrobitaille.org\/index.php?rest_route=%2Fwp%2Fv2%2Fcomments&post=23310"}],"version-history":[{"count":1,"href":"https:\/\/blog.carlrobitaille.org\/index.php?rest_route=\/wp\/v2\/posts\/23310\/revisions"}],"predecessor-version":[{"id":23311,"href":"https:\/\/blog.carlrobitaille.org\/index.php?rest_route=\/wp\/v2\/posts\/23310\/revisions\/23311"}],"wp:attachment":[{"href":"https:\/\/blog.carlrobitaille.org\/index.php?rest_route=%2Fwp%2Fv2%2Fmedia&parent=23310"}],"wp:term":[{"taxonomy":"category","embeddable":true,"href":"https:\/\/blog.carlrobitaille.org\/index.php?rest_route=%2Fwp%2Fv2%2Fcategories&post=23310"},{"taxonomy":"post_tag","embeddable":true,"href":"https:\/\/blog.carlrobitaille.org\/index.php?rest_route=%2Fwp%2Fv2%2Ftags&post=23310"}],"curies":[{"name":"wp","href":"https:\/\/api.w.org\/{rel}","templated":true}]}}