{"id":16700,"date":"2019-03-08T13:45:30","date_gmt":"2019-03-08T18:45:30","guid":{"rendered":"http:\/\/blog.carlrobitaille.org\/?p=16700"},"modified":"2019-03-08T13:45:32","modified_gmt":"2019-03-08T18:45:32","slug":"dou-vient-le-plein-emploi-au-quebec-et-ou-va-t-il","status":"publish","type":"post","link":"https:\/\/blog.carlrobitaille.org\/?p=16700","title":{"rendered":"D\u2019o\u00f9 vient le plein-emploi au Qu\u00e9bec, et o\u00f9 va-t-il ?"},"content":{"rendered":"\n<p><a href=\"https:\/\/lactualite.com\/lactualite-affaires\/2019\/03\/07\/dou-vient-le-plein-emploi-au-quebec-et-ou-va-t-il\/\">D\u2019o\u00f9 vient le plein-emploi au Qu\u00e9bec, et o\u00f9 va-t-il ?<\/a><\/p>\n","protected":false},"excerpt":{"rendered":"<p>D\u2019o\u00f9 vient le plein-emploi au Qu\u00e9bec, et o\u00f9 va-t-il ?<\/p>\n","protected":false},"author":2,"featured_media":0,"comment_status":"open","ping_status":"open","sticky":false,"template":"","format":"standard","meta":{"footnotes":""},"categories":[54],"tags":[],"class_list":["post-16700","post","type-post","status-publish","format-standard","hentry","category-economie"],"_links":{"self":[{"href":"https:\/\/blog.carlrobitaille.org\/index.php?rest_route=\/wp\/v2\/posts\/16700","targetHints":{"allow":["GET"]}}],"collection":[{"href":"https:\/\/blog.carlrobitaille.org\/index.php?rest_route=\/wp\/v2\/posts"}],"about":[{"href":"https:\/\/blog.carlrobitaille.org\/index.php?rest_route=\/wp\/v2\/types\/post"}],"author":[{"embeddable":true,"href":"https:\/\/blog.carlrobitaille.org\/index.php?rest_route=\/wp\/v2\/users\/2"}],"replies":[{"embeddable":true,"href":"https:\/\/blog.carlrobitaille.org\/index.php?rest_route=%2Fwp%2Fv2%2Fcomments&post=16700"}],"version-history":[{"count":1,"href":"https:\/\/blog.carlrobitaille.org\/index.php?rest_route=\/wp\/v2\/posts\/16700\/revisions"}],"predecessor-version":[{"id":16701,"href":"https:\/\/blog.carlrobitaille.org\/index.php?rest_route=\/wp\/v2\/posts\/16700\/revisions\/16701"}],"wp:attachment":[{"href":"https:\/\/blog.carlrobitaille.org\/index.php?rest_route=%2Fwp%2Fv2%2Fmedia&parent=16700"}],"wp:term":[{"taxonomy":"category","embeddable":true,"href":"https:\/\/blog.carlrobitaille.org\/index.php?rest_route=%2Fwp%2Fv2%2Fcategories&post=16700"},{"taxonomy":"post_tag","embeddable":true,"href":"https:\/\/blog.carlrobitaille.org\/index.php?rest_route=%2Fwp%2Fv2%2Ftags&post=16700"}],"curies":[{"name":"wp","href":"https:\/\/api.w.org\/{rel}","templated":true}]}}